

{"id":1604,"date":"2017-03-13T10:23:36","date_gmt":"2017-03-13T09:23:36","guid":{"rendered":"https:\/\/project.inria.fr\/classcode\/?p=1604"},"modified":"2017-10-22T10:37:49","modified_gmt":"2017-10-22T08:37:49","slug":"mais-pourquoi-classcode-ne-parle-meme-pas-de-parite","status":"publish","type":"post","link":"https:\/\/project.inria.fr\/classcode\/mais-pourquoi-classcode-ne-parle-meme-pas-de-parite\/","title":{"rendered":"Mais pourquoi Class\u00b4Code ne parle m\u00eame pas de parit\u00e9 ?"},"content":{"rendered":"<p><img loading=\"lazy\" decoding=\"async\" class=\"alignleft\" src=\"https:\/\/pixees.fr\/wp-content\/uploads\/2014\/08\/pixee-rouge-all.png\" width=\"135\" height=\"165\" \/>Parce qu&rsquo;on pr\u00e9f\u00e8re le faire qu&rsquo;en parler \ud83d\ude42<\/p>\n<p><strong>La parit\u00e9 concr\u00e8tement.<\/strong><\/p>\n<p>La parit\u00e9 n&rsquo;est pas un sujet de d\u00e9bat ou de r\u00e9flexion : c&rsquo;est juste une partie de l&rsquo;ADN de notre projet, pr\u00e9sent dans toutes nos actions.<\/p>\n<blockquote><p>La personne cheffe de projet n&rsquo;est pas un homme, le comit\u00e9 op\u00e9rationnel est compl\u00e8tement mixte,\u00a0 notre repr\u00e9sentation* externe aussi. Ce sont des chercheuses et des chercheurs qui sont les auteurs scientifiques de nos cours en ligne, tandis qu&rsquo;un membre de la gouvernance (un homme en l&rsquo;occurrence, le sujet n&rsquo;est pas qu&rsquo;une affaire de femme) est sp\u00e9cifiquement en charge de ces aspects.<\/p>\n<p>Dans chaque contenu ou ressource, une personne est en charge de v\u00e9rifier que nous n&rsquo;avons pas involontairement gliss\u00e9 un clich\u00e9*** de genre, et si quelqu&rsquo;un d\u00e9tectait une telle erreur, on corrigerait au plus vite. Le f\u00e9minin et le masculin est utilis\u00e9 alternativement. Les scientifiques de l&rsquo;informatique mis en lumi\u00e8re appartiennent \u00e9videmment aux deux moiti\u00e9s** de l&rsquo;histoire de l&rsquo;humanit\u00e9.<\/p><\/blockquote>\n<p><strong>Class\u00b4Code en aval d&rsquo;un vrai travail de r\u00e9flexion.<\/strong><\/p>\n<p>En fait, en mati\u00e8re d&rsquo;\u00e9galit\u00e9 des genres en lien avec l&rsquo;informatique <a href=\"http:\/\/www.isabelle-collet.net\">Isabelle Collet<\/a>, qui m\u00e8ne son activit\u00e9 de recherche sur ces sujets est notre principale r\u00e9f\u00e9rence et nous la lisons sur le <a class=\"moz-txt-link-freetext\" href=\"http:\/\/binaire.blog.lemonde.fr\/?s=Isabelle+Collet\">blog Binaire du Monde.fr<\/a> ou sur la\u00a0 <a class=\"moz-txt-link-freetext\" href=\"https:\/\/interstices.info\/jcms\/p_85237\/les-informaticiennes-de-la-dominance-de-classe-aux-discriminations-de-sexe\">revue de popularisation scientifique Interstices<\/a>. Son travail nous a aid\u00e9 \u00e0 d\u00e9passer les bonnes intentions en mati\u00e8re de <a class=\"moz-txt-link-freetext\" href=\"http:\/\/www.societe-informatique-de-france.fr\/wp-content\/uploads\/2015\/03\/1024-hs1-vieville.pdf\">m\u00e9diation scientifique<\/a>, qui est devenu <a class=\"moz-txt-link-freetext\" href=\"https:\/\/wiki.inria.fr\/wikis\/mecsci\/images\/2\/29\/Mediation-scientifique-v0.2.pdf#page20\">une facette du m\u00e9tier de chercheur-e-s<\/a> (\u00e0 la source de la volont\u00e9 de faire ce projet, du c\u00f4t\u00e9 du monde de la recherche). Bref plus personne ne pense que\u00a0 <a class=\"moz-txt-link-freetext\" href=\"https:\/\/interstices.info\/jcms\/p_80475\/idee-recue-l-informatique-ce-n-est-pas-pour-les-filles\">l-informatique-ce-n-est-pas-pour-les-filles<\/a>. Nous saluons aussi le travail de <a class=\"moz-txt-link-freetext\" href=\"http:\/\/www.stef.ens-cachan.fr\/version-francaise\/membres\/francoise-tort-154338.kjsp\">Francoise Tort<\/a>, qui est une des personnes fondatrices du <a class=\"moz-txt-link-freetext\" href=\"http:\/\/castor-informatique.fr\">http:\/\/castor-informatique.fr<\/a> (plus 450 000 jeunes en 2016 o\u00f9 environ 45% de filles qui y d\u00e9couvrent l&rsquo;informatique).<\/p>\n<p><strong>Un exemple concret de positionnement.<\/strong><\/p>\n<p>Ce n&rsquo;est pas tant les filles qu&rsquo;il faut convaincre qu&rsquo;elles sont \u00e9gales que \u2026 les gar\u00e7ons ! Ce qui \u00e9duque \u00e0 l&rsquo;\u00e9galit\u00e9 filles-gar\u00e7ons est autant le fait que les filles y viennent que \u2026, que les gar\u00e7ons y voient des filles \u00e0 leurs c\u00f4t\u00e9s \u00e9galement (dans les deux sens du terme \u00ab\u00a0\u00e9galement\u00a0\u00bb).<\/p>\n<p>Par cons\u00e9quent, plus que d&rsquo;organiser des \u00abactivit\u00e9s sp\u00e9cialement pour les filles, <span style=\"text-decoration: line-through;\">qu&rsquo;elle se bougent enfin<\/span> \u00bb comme souvent, on pense qu&rsquo;organiser des activit\u00e9s strictement mixtes est bien plus pertinent. Cela implique aussi que les activit\u00e9s\u00a0 \u00ab\u00a0plut\u00f4t f\u00e9minines\u00a0\u00bb s&rsquo;ouvrent aussi aux gar\u00e7ons.<\/p>\n<p>On note aussi que juste \u00ab\u00a0faire coder les filles\u00a0\u00bb ne <a href=\"https:\/\/www.theguardian.com\/technology\/2017\/mar\/14\/tech-women-code-workshops-developer-jobs\">r\u00e9soud pas le probl\u00e8me de genre, mais le d\u00e9place<\/a>. La solution que nous exp\u00e9rimentons est autre: c&rsquo;est que l&rsquo;informatique soit pens\u00e9e par les deux moiti\u00e9s de l&rsquo;humanit\u00e9 \u00e0 tous les \u00e9tages, et cela semble bouleverser les fronti\u00e8res entre les r\u00f4les. Par exemple, il n&rsquo;y a plus des personnes qui codent les \u00ab\u00a0fa\u00e7ades\u00a0\u00bb des sites webs et d&rsquo;autre \u00ab\u00a0ce qu&rsquo;il y a sous le capot\u00a0\u00bb, mais des r\u00e9partitions plus transversales des r\u00f4les.<\/p>\n<p><strong>Notes : <\/strong><\/p>\n<p>(*) Nous avons d\u00e9j\u00e0 permut\u00e9 deux d&rsquo;entre nous lors d&rsquo;une table ronde publique \u00ab\u00a0masculine\u00a0\u00bb, car il n&rsquo;est pas possible que Class\u00b4Code soit pr\u00e9sent \u00e0 un \u00e9v\u00e9nement qui ne respecte pas la parit\u00e9.<\/p>\n<p>(**) Parmi les choix des grandes figures de l&rsquo;informatique on met en avant Ibm-Mussa Mohamed Al Kwarizmi, Ada Lovelace, Alan Turing et Grace Hoper. On note qu&rsquo;il y a moiti\u00e9 d&rsquo;hommes, pas uniquement des gaulois, et que plus de la moiti\u00e9 a aim\u00e9 d&rsquo;amour des gar\u00e7ons.<\/p>\n<p>(***) Cela n&#8217;emp\u00eache pas d&rsquo;adorer les petites histoires, m\u00eame un peu clich\u00e9 : on n&rsquo;h\u00e9site pas -par exemple- \u00e0 faire programmer un petit jeu o\u00f9 le prince, tout mignon, et m\u00e9chamment enferm\u00e9 dans le donjon par le vilain dragon sera d\u00e9livr\u00e9 par la princesse en armure, <a href=\"https:\/\/www.youtube.com\/watch?v=wmUKSZWVQvo\" target=\"_blank\" rel=\"noopener noreferrer\">un peu comme ici \ud83d\ude42<\/a><\/p>\n","protected":false},"excerpt":{"rendered":"<p>Parce qu&rsquo;on pr\u00e9f\u00e8re le faire qu&rsquo;en parler \ud83d\ude42 La parit\u00e9 concr\u00e8tement. La parit\u00e9 n&rsquo;est pas un sujet de d\u00e9bat ou de r\u00e9flexion : c&rsquo;est juste une partie de l&rsquo;ADN de notre projet, pr\u00e9sent dans toutes nos actions. La personne cheffe de projet n&rsquo;est pas un homme, le comit\u00e9 op\u00e9rationnel est compl\u00e8tement mixte,\u00a0 notre repr\u00e9sentation* externe aussi. Ce\u2026<\/p>\n<p class=\"continue-reading-button\"> <a class=\"continue-reading-link\" href=\"https:\/\/project.inria.fr\/classcode\/mais-pourquoi-classcode-ne-parle-meme-pas-de-parite\/\">Lire la suite<i class=\"crycon-right-dir\"><\/i><\/a><\/p>\n","protected":false},"author":36,"featured_media":0,"comment_status":"closed","ping_status":"closed","sticky":false,"template":"","format":"standard","meta":{"twitterCardType":"summary","cardImageID":0,"cardImage":"","cardTitle":"","cardDesc":"","cardImageAlt":"","cardPlayer":"","cardPlayerWidth":0,"cardPlayerHeight":0,"cardPlayerStream":"","cardPlayerCodec":"","footnotes":""},"categories":[15],"tags":[25,24,23],"class_list":["post-1604","post","type-post","status-publish","format-standard","hentry","category-archive","tag-francoise-tort","tag-isabelle-collet","tag-parite"],"_links":{"self":[{"href":"https:\/\/project.inria.fr\/classcode\/wp-json\/wp\/v2\/posts\/1604","targetHints":{"allow":["GET"]}}],"collection":[{"href":"https:\/\/project.inria.fr\/classcode\/wp-json\/wp\/v2\/posts"}],"about":[{"href":"https:\/\/project.inria.fr\/classcode\/wp-json\/wp\/v2\/types\/post"}],"author":[{"embeddable":true,"href":"https:\/\/project.inria.fr\/classcode\/wp-json\/wp\/v2\/users\/36"}],"replies":[{"embeddable":true,"href":"https:\/\/project.inria.fr\/classcode\/wp-json\/wp\/v2\/comments?post=1604"}],"version-history":[{"count":10,"href":"https:\/\/project.inria.fr\/classcode\/wp-json\/wp\/v2\/posts\/1604\/revisions"}],"predecessor-version":[{"id":1799,"href":"https:\/\/project.inria.fr\/classcode\/wp-json\/wp\/v2\/posts\/1604\/revisions\/1799"}],"wp:attachment":[{"href":"https:\/\/project.inria.fr\/classcode\/wp-json\/wp\/v2\/media?parent=1604"}],"wp:term":[{"taxonomy":"category","embeddable":true,"href":"https:\/\/project.inria.fr\/classcode\/wp-json\/wp\/v2\/categories?post=1604"},{"taxonomy":"post_tag","embeddable":true,"href":"https:\/\/project.inria.fr\/classcode\/wp-json\/wp\/v2\/tags?post=1604"}],"curies":[{"name":"wp","href":"https:\/\/api.w.org\/{rel}","templated":true}]}}