

{"id":1706,"date":"2016-02-03T10:55:03","date_gmt":"2016-02-03T09:55:03","guid":{"rendered":"https:\/\/project.inria.fr\/mastic\/?p=1706"},"modified":"2017-02-16T14:27:16","modified_gmt":"2017-02-16T13:27:16","slug":"les-maths-sont-elles-utiles","status":"publish","type":"post","link":"https:\/\/project.inria.fr\/mastic\/les-maths-sont-elles-utiles\/","title":{"rendered":"03-02-2016: Les maths sont-elles utiles ?"},"content":{"rendered":"<p>Conf\u00e9rence donn\u00e9e par <strong>Thierry Vieville<\/strong> au lyc\u00e9e Aristide Briand \u00e0 Gap.<\/p>\n","protected":false},"excerpt":{"rendered":"<p>Conf\u00e9rence donn\u00e9e par Thierry Vieville au lyc\u00e9e Aristide Briand \u00e0 Gap.<\/p>\n<p> <a class=\"continue-reading-link\" href=\"https:\/\/project.inria.fr\/mastic\/les-maths-sont-elles-utiles\/\"><span>Continuer la lecture<\/span><i class=\"crycon-right-dir\"><\/i><\/a> <\/p>\n","protected":false},"author":40,"featured_media":0,"comment_status":"open","ping_status":"open","sticky":false,"template":"","format":"standard","meta":{"footnotes":"","_members_access_role":[],"_members_access_error":""},"categories":[44],"tags":[],"class_list":["post-1706","post","type-post","status-publish","format-standard","hentry","category-conferences"],"_links":{"self":[{"href":"https:\/\/project.inria.fr\/mastic\/wp-json\/wp\/v2\/posts\/1706","targetHints":{"allow":["GET"]}}],"collection":[{"href":"https:\/\/project.inria.fr\/mastic\/wp-json\/wp\/v2\/posts"}],"about":[{"href":"https:\/\/project.inria.fr\/mastic\/wp-json\/wp\/v2\/types\/post"}],"author":[{"embeddable":true,"href":"https:\/\/project.inria.fr\/mastic\/wp-json\/wp\/v2\/users\/40"}],"replies":[{"embeddable":true,"href":"https:\/\/project.inria.fr\/mastic\/wp-json\/wp\/v2\/comments?post=1706"}],"version-history":[{"count":2,"href":"https:\/\/project.inria.fr\/mastic\/wp-json\/wp\/v2\/posts\/1706\/revisions"}],"predecessor-version":[{"id":1710,"href":"https:\/\/project.inria.fr\/mastic\/wp-json\/wp\/v2\/posts\/1706\/revisions\/1710"}],"wp:attachment":[{"href":"https:\/\/project.inria.fr\/mastic\/wp-json\/wp\/v2\/media?parent=1706"}],"wp:term":[{"taxonomy":"category","embeddable":true,"href":"https:\/\/project.inria.fr\/mastic\/wp-json\/wp\/v2\/categories?post=1706"},{"taxonomy":"post_tag","embeddable":true,"href":"https:\/\/project.inria.fr\/mastic\/wp-json\/wp\/v2\/tags?post=1706"}],"curies":[{"name":"wp","href":"https:\/\/api.w.org\/{rel}","templated":true}]}}